{"id":1145,"date":"2016-06-03T09:44:58","date_gmt":"2016-06-03T08:44:58","guid":{"rendered":"http:\/\/www.mondialduchasselas.com\/?p=1145"},"modified":"2016-06-16T10:40:42","modified_gmt":"2016-06-16T09:40:42","slug":"fest-des-chasselas-2016","status":"publish","type":"post","link":"https:\/\/www.mondialduchasselas.com\/de\/fest-des-chasselas-2016\/","title":{"rendered":"Fest des Chasselas 2016"},"content":{"rendered":"<div id=\"attachment_1143\" style=\"width: 590px\" class=\"wp-caption aligncenter\"><a href=\"http:\/\/www.mondialduchasselas.com\/wp-content\/uploads\/2016\/06\/MONDIAL_CHASSELAS_02200.jpg\"><img aria-describedby=\"caption-attachment-1143\" decoding=\"async\" loading=\"lazy\" class=\" wp-image-1143\" src=\"http:\/\/www.mondialduchasselas.com\/wp-content\/uploads\/2016\/06\/MONDIAL_CHASSELAS_02200-1024x682.jpg\" alt=\"Aigle le 27 juin 2015 Ch\u00e2teau d'Aigle dans le cadre du Mondial du Chasselas  la F\u00eate du Chasselas   \u00a92015,studio edouard curchod, tous droits r\u00e9serv\u00e9s\" width=\"580\" height=\"386\" srcset=\"https:\/\/www.mondialduchasselas.com\/wp-content\/uploads\/2016\/06\/MONDIAL_CHASSELAS_02200-1024x682.jpg 1024w, https:\/\/www.mondialduchasselas.com\/wp-content\/uploads\/2016\/06\/MONDIAL_CHASSELAS_02200-300x200.jpg 300w\" sizes=\"(max-width: 580px) 100vw, 580px\" \/><\/a><p id=\"caption-attachment-1143\" class=\"wp-caption-text\">Aigle le 27 juin 2015 Ch\u00e2teau d&#8217;Aigle dans le cadre du Mondial du Chasselas la F\u00eate du Chasselas \u00a92015,studio edouard curchod, tous droits r\u00e9serv\u00e9s<\/p><\/div>\n<p style=\"text-align: justify;\">Am <strong>Samstag, 25. Juni von 10. Uhr bis 18. Uhr<\/strong> findet im und um das Schloss Aigle das 5. grosse Fest des Chasselas, bei dem das Publikum ca. 200 Chasselas aus verschiedenen L\u00e4ndern degustieren kann, allen voran die pr\u00e4mierten Weine des internationalen Wettbewerbs Mondial du Chasselas 2016.<\/p>\n<p style=\"text-align: justify;\">Das Glas (CHF 20.-) berechtigt zur kostenlosen Verkostung auf allen St\u00e4nden und zur Besichtigung des Museums der Rebberge und des Weines. Festliche Stimmung mit musikalischer Unterhaltung:<\/p>\n<ul style=\"text-align: justify;\">\n<li>Les Gais Compagnons du Guillon (M\u00e4nnerchor)<\/li>\n<li>Spiel der Stadt Aigle<\/li>\n<li>Yellow Dogs Jazzband<\/li>\n<li>New Orleans Jazzband<\/li>\n<\/ul>\n<p style=\"text-align: justify;\">Im Restaurant &#8220;La Pinte vaudoise&#8221; im ersten Stock des Schlosses werden regionale Spezialit\u00e4ten serviert. Ausserdem gibt es einen Wurts- und Grillstand.<\/p>\n<p>Ausserdem empf\u00e4ngt Sie das Gourmet-Restaurant &#8220;La Pinte du Paradis&#8221; (gegen\u00fcber dem Schloss) mit seiner gew\u00f6hnlichen Speisekarte und bei gutem Wetter auf seiner bezaubernden Terrasse.<\/p>\n<h4 style=\"text-align: justify;\">Kostenlose, signalisierte Parkpl\u00e4tze (Glariers und Spozio, <a href=\"http:\/\/www.mondialduchasselas.com\/wp-content\/uploads\/2016\/06\/Parcs-2_2016.pdf\">s. Plan<\/a>) gratis Shuttlebus von den Parkpl\u00e4tzen und vom Bahnhof bis zum Schloss.<\/h4>\n<p style=\"text-align: justify;\">\n<p style=\"text-align: justify;\">\n","protected":false},"excerpt":{"rendered":"<p>Am Samstag, 25. Juni  findet im und um das Schloss Aigle das 5. grosse Fest des Chasselas. Bei dem das Publikum ca. 200 Chasselas aus verschiedenen L\u00e4ndern degustieren kann.<\/p>\n","protected":false},"author":1,"featured_media":1143,"comment_status":"open","ping_status":"open","sticky":false,"template":"","format":"standard","meta":{"ngg_post_thumbnail":0},"categories":[60],"tags":[644,158,159,442,934,441],"yoast_head":"<!-- This site is optimized with the Yoast SEO plugin v20.3 - https:\/\/yoast.com\/wordpress\/plugins\/seo\/ -->\n<title>Fest des Chasselas 2016<\/title>\n<meta name=\"description\" content=\"Am Samstag, 25. Juni findet im und um das Schloss Aigle das 5. grosse Fest des Chasselas.\" \/>\n<meta name=\"robots\" content=\"index, follow, max-snippet:-1, max-image-preview:large, max-video-preview:-1\" \/>\n<link rel=\"canonical\" href=\"https:\/\/www.mondialduchasselas.com\/de\/fest-des-chasselas-2016\/\" \/>\n<meta property=\"og:locale\" content=\"de_DE\" \/>\n<meta property=\"og:type\" content=\"article\" \/>\n<meta property=\"og:title\" content=\"Fest des Chasselas 2016\" \/>\n<meta property=\"og:description\" content=\"Am Samstag, 25. Juni findet im und um das Schloss Aigle das 5. grosse Fest des Chasselas.\" \/>\n<meta property=\"og:url\" content=\"https:\/\/www.mondialduchasselas.com\/de\/fest-des-chasselas-2016\/\" \/>\n<meta property=\"og:site_name\" content=\"Mondial du Chasselas\" \/>\n<meta property=\"article:publisher\" content=\"http:\/\/www.facebook.com\/MondialDuChasselas\/\" \/>\n<meta property=\"article:published_time\" content=\"2016-06-03T08:44:58+00:00\" \/>\n<meta property=\"article:modified_time\" content=\"2016-06-16T09:40:42+00:00\" \/>\n<meta property=\"og:image\" content=\"https:\/\/www.mondialduchasselas.com\/wp-content\/uploads\/2016\/06\/MONDIAL_CHASSELAS_02200-1024x682.jpg\" \/>\n\t<meta property=\"og:image:width\" content=\"1024\" \/>\n\t<meta property=\"og:image:height\" content=\"682\" \/>\n\t<meta property=\"og:image:type\" content=\"image\/jpeg\" \/>\n<meta name=\"author\" content=\"R\u00e9daction\" \/>\n<meta name=\"twitter:card\" content=\"summary_large_image\" \/>\n<meta name=\"twitter:label1\" content=\"Verfasst von\" \/>\n\t<meta name=\"twitter:data1\" content=\"R\u00e9daction\" \/>\n\t<meta name=\"twitter:label2\" content=\"Gesch\u00e4tzte Lesezeit\" \/>\n\t<meta name=\"twitter:data2\" content=\"1\u00a0Minute\" \/>\n<script type=\"application\/ld+json\" class=\"yoast-schema-graph\">{\"@context\":\"https:\/\/schema.org\",\"@graph\":[{\"@type\":\"WebPage\",\"@id\":\"https:\/\/www.mondialduchasselas.com\/de\/fest-des-chasselas-2016\/\",\"url\":\"https:\/\/www.mondialduchasselas.com\/de\/fest-des-chasselas-2016\/\",\"name\":\"Fest des Chasselas 2016\",\"isPartOf\":{\"@id\":\"https:\/\/www.mondialduchasselas.com\/#website\"},\"datePublished\":\"2016-06-03T08:44:58+00:00\",\"dateModified\":\"2016-06-16T09:40:42+00:00\",\"author\":{\"@id\":\"https:\/\/www.mondialduchasselas.com\/#\/schema\/person\/b80a37407e3de75de5c701e7e0c8e3f3\"},\"description\":\"Am Samstag, 25. Juni findet im und um das Schloss Aigle das 5. grosse Fest des Chasselas.\",\"breadcrumb\":{\"@id\":\"https:\/\/www.mondialduchasselas.com\/de\/fest-des-chasselas-2016\/#breadcrumb\"},\"inLanguage\":\"de\",\"potentialAction\":[{\"@type\":\"ReadAction\",\"target\":[\"https:\/\/www.mondialduchasselas.com\/de\/fest-des-chasselas-2016\/\"]}]},{\"@type\":\"BreadcrumbList\",\"@id\":\"https:\/\/www.mondialduchasselas.com\/de\/fest-des-chasselas-2016\/#breadcrumb\",\"itemListElement\":[{\"@type\":\"ListItem\",\"position\":1,\"name\":\"Accueil\",\"item\":\"https:\/\/www.mondialduchasselas.com\/\"},{\"@type\":\"ListItem\",\"position\":2,\"name\":\"Fest des Chasselas 2016\"}]},{\"@type\":\"WebSite\",\"@id\":\"https:\/\/www.mondialduchasselas.com\/#website\",\"url\":\"https:\/\/www.mondialduchasselas.com\/\",\"name\":\"Mondial du Chasselas\",\"description\":\"Le Chasselas, un c\u00e9page plus actuel que jamais\",\"potentialAction\":[{\"@type\":\"SearchAction\",\"target\":{\"@type\":\"EntryPoint\",\"urlTemplate\":\"https:\/\/www.mondialduchasselas.com\/?s={search_term_string}\"},\"query-input\":\"required name=search_term_string\"}],\"inLanguage\":\"de\"},{\"@type\":\"Person\",\"@id\":\"https:\/\/www.mondialduchasselas.com\/#\/schema\/person\/b80a37407e3de75de5c701e7e0c8e3f3\",\"name\":\"R\u00e9daction\",\"image\":{\"@type\":\"ImageObject\",\"inLanguage\":\"de\",\"@id\":\"https:\/\/www.mondialduchasselas.com\/#\/schema\/person\/image\/\",\"url\":\"https:\/\/secure.gravatar.com\/avatar\/6c92f4165a6da0d89e2be6116a88ebc5?s=96&d=mm&r=g\",\"contentUrl\":\"https:\/\/secure.gravatar.com\/avatar\/6c92f4165a6da0d89e2be6116a88ebc5?s=96&d=mm&r=g\",\"caption\":\"R\u00e9daction\"},\"url\":\"https:\/\/www.mondialduchasselas.com\/de\/author\/mondial-ch\/\"}]}<\/script>\n<!-- \/ Yoast SEO plugin. -->","yoast_head_json":{"title":"Fest des Chasselas 2016","description":"Am Samstag, 25. Juni findet im und um das Schloss Aigle das 5. grosse Fest des Chasselas.","robots":{"index":"index","follow":"follow","max-snippet":"max-snippet:-1","max-image-preview":"max-image-preview:large","max-video-preview":"max-video-preview:-1"},"canonical":"https:\/\/www.mondialduchasselas.com\/de\/fest-des-chasselas-2016\/","og_locale":"de_DE","og_type":"article","og_title":"Fest des Chasselas 2016","og_description":"Am Samstag, 25. Juni findet im und um das Schloss Aigle das 5. grosse Fest des Chasselas.","og_url":"https:\/\/www.mondialduchasselas.com\/de\/fest-des-chasselas-2016\/","og_site_name":"Mondial du Chasselas","article_publisher":"http:\/\/www.facebook.com\/MondialDuChasselas\/","article_published_time":"2016-06-03T08:44:58+00:00","article_modified_time":"2016-06-16T09:40:42+00:00","og_image":[{"width":1024,"height":682,"url":"https:\/\/www.mondialduchasselas.com\/wp-content\/uploads\/2016\/06\/MONDIAL_CHASSELAS_02200-1024x682.jpg","type":"image\/jpeg"}],"author":"R\u00e9daction","twitter_card":"summary_large_image","twitter_misc":{"Verfasst von":"R\u00e9daction","Gesch\u00e4tzte Lesezeit":"1\u00a0Minute"},"schema":{"@context":"https:\/\/schema.org","@graph":[{"@type":"WebPage","@id":"https:\/\/www.mondialduchasselas.com\/de\/fest-des-chasselas-2016\/","url":"https:\/\/www.mondialduchasselas.com\/de\/fest-des-chasselas-2016\/","name":"Fest des Chasselas 2016","isPartOf":{"@id":"https:\/\/www.mondialduchasselas.com\/#website"},"datePublished":"2016-06-03T08:44:58+00:00","dateModified":"2016-06-16T09:40:42+00:00","author":{"@id":"https:\/\/www.mondialduchasselas.com\/#\/schema\/person\/b80a37407e3de75de5c701e7e0c8e3f3"},"description":"Am Samstag, 25. Juni findet im und um das Schloss Aigle das 5. grosse Fest des Chasselas.","breadcrumb":{"@id":"https:\/\/www.mondialduchasselas.com\/de\/fest-des-chasselas-2016\/#breadcrumb"},"inLanguage":"de","potentialAction":[{"@type":"ReadAction","target":["https:\/\/www.mondialduchasselas.com\/de\/fest-des-chasselas-2016\/"]}]},{"@type":"BreadcrumbList","@id":"https:\/\/www.mondialduchasselas.com\/de\/fest-des-chasselas-2016\/#breadcrumb","itemListElement":[{"@type":"ListItem","position":1,"name":"Accueil","item":"https:\/\/www.mondialduchasselas.com\/"},{"@type":"ListItem","position":2,"name":"Fest des Chasselas 2016"}]},{"@type":"WebSite","@id":"https:\/\/www.mondialduchasselas.com\/#website","url":"https:\/\/www.mondialduchasselas.com\/","name":"Mondial du Chasselas","description":"Le Chasselas, un c\u00e9page plus actuel que jamais","potentialAction":[{"@type":"SearchAction","target":{"@type":"EntryPoint","urlTemplate":"https:\/\/www.mondialduchasselas.com\/?s={search_term_string}"},"query-input":"required name=search_term_string"}],"inLanguage":"de"},{"@type":"Person","@id":"https:\/\/www.mondialduchasselas.com\/#\/schema\/person\/b80a37407e3de75de5c701e7e0c8e3f3","name":"R\u00e9daction","image":{"@type":"ImageObject","inLanguage":"de","@id":"https:\/\/www.mondialduchasselas.com\/#\/schema\/person\/image\/","url":"https:\/\/secure.gravatar.com\/avatar\/6c92f4165a6da0d89e2be6116a88ebc5?s=96&d=mm&r=g","contentUrl":"https:\/\/secure.gravatar.com\/avatar\/6c92f4165a6da0d89e2be6116a88ebc5?s=96&d=mm&r=g","caption":"R\u00e9daction"},"url":"https:\/\/www.mondialduchasselas.com\/de\/author\/mondial-ch\/"}]}},"_links":{"self":[{"href":"https:\/\/www.mondialduchasselas.com\/de\/wp-json\/wp\/v2\/posts\/1145"}],"collection":[{"href":"https:\/\/www.mondialduchasselas.com\/de\/wp-json\/wp\/v2\/posts"}],"about":[{"href":"https:\/\/www.mondialduchasselas.com\/de\/wp-json\/wp\/v2\/types\/post"}],"author":[{"embeddable":true,"href":"https:\/\/www.mondialduchasselas.com\/de\/wp-json\/wp\/v2\/users\/1"}],"replies":[{"embeddable":true,"href":"https:\/\/www.mondialduchasselas.com\/de\/wp-json\/wp\/v2\/comments?post=1145"}],"version-history":[{"count":4,"href":"https:\/\/www.mondialduchasselas.com\/de\/wp-json\/wp\/v2\/posts\/1145\/revisions"}],"predecessor-version":[{"id":1191,"href":"https:\/\/www.mondialduchasselas.com\/de\/wp-json\/wp\/v2\/posts\/1145\/revisions\/1191"}],"wp:featuredmedia":[{"embeddable":true,"href":"https:\/\/www.mondialduchasselas.com\/de\/wp-json\/wp\/v2\/media\/1143"}],"wp:attachment":[{"href":"https:\/\/www.mondialduchasselas.com\/de\/wp-json\/wp\/v2\/media?parent=1145"}],"wp:term":[{"taxonomy":"category","embeddable":true,"href":"https:\/\/www.mondialduchasselas.com\/de\/wp-json\/wp\/v2\/categories?post=1145"},{"taxonomy":"post_tag","embeddable":true,"href":"https:\/\/www.mondialduchasselas.com\/de\/wp-json\/wp\/v2\/tags?post=1145"}],"curies":[{"name":"wp","href":"https:\/\/api.w.org\/{rel}","templated":true}]}}