{"id":1533,"date":"2016-07-19T06:45:12","date_gmt":"2016-07-19T05:45:12","guid":{"rendered":"http:\/\/www.mondialduchasselas.com\/?p=1533"},"modified":"2016-07-19T06:45:12","modified_gmt":"2016-07-19T05:45:12","slug":"wertschatzung-hoher-in-der-schweiz","status":"publish","type":"post","link":"https:\/\/www.mondialduchasselas.com\/de\/wertschatzung-hoher-in-der-schweiz\/","title":{"rendered":"Wertsch\u00e4tzung h\u00f6her in der Schweiz"},"content":{"rendered":"<p style=\"text-align: justify;\"><strong><span class=\"ngSpitzmarke\">AIGLE\/MARKGR\u00c4FLERLAND.<\/span><\/strong> Der Gutedelwettbewerb Mondial du Chasselas, der seit 2012 im waadtl\u00e4ndischen<\/p>\n<div id=\"attachment_1157\" style=\"width: 591px\" class=\"wp-caption aligncenter\"><a href=\"http:\/\/www.mondialduchasselas.com\/wp-content\/uploads\/2016\/06\/AIGLE_MONDIAL_CHASSELAS_2016_0285.jpg\"><img aria-describedby=\"caption-attachment-1157\" decoding=\"async\" loading=\"lazy\" class=\" wp-image-1157\" src=\"http:\/\/www.mondialduchasselas.com\/wp-content\/uploads\/2016\/06\/AIGLE_MONDIAL_CHASSELAS_2016_0285-1024x682.jpg\" alt=\"Aigle le 3 juin 2016 Ch\u00e2teau d'Aigle dans le cadre du Mondial du Chasselas  d\u00e9gustation du jury  \u00a92016,studio edouard curchod, tous droits r\u00e9serv\u00e9s\" width=\"581\" height=\"387\" srcset=\"https:\/\/www.mondialduchasselas.com\/wp-content\/uploads\/2016\/06\/AIGLE_MONDIAL_CHASSELAS_2016_0285-1024x682.jpg 1024w, https:\/\/www.mondialduchasselas.com\/wp-content\/uploads\/2016\/06\/AIGLE_MONDIAL_CHASSELAS_2016_0285-300x200.jpg 300w\" sizes=\"(max-width: 581px) 100vw, 581px\" \/><\/a><p id=\"caption-attachment-1157\" class=\"wp-caption-text\">Aigle le 3 juin 2016 Ch\u00e2teau d&#8217;Aigle dans le cadre du Mondial du Chasselas d\u00e9gustation du jury \u00a92016,studio edouard curchod, tous droits r\u00e9serv\u00e9s<\/p><\/div>\n<p style=\"text-align: justify;\">Aigle kontinuierlich steigende Teilnehmerzahlen verzeichnet, ist auch f\u00fcr die Markgr\u00e4fler Weinerzeuger interessant. Stammt doch die Rebsorte urspr\u00fcnglich vom Genfer See. F\u00fcr den M\u00fcllheimer \u00d6nologen Armin S\u00fctterlin, Mitglied in der 84-k\u00f6pfigen Verkostungs-Jury und Mitglied im Beirat des Markgr\u00e4fler Wein e.V. k\u00f6nnte der Mondial du Chasselas in einigen Punkten f\u00fcr die Badische Weinwirtschaft ein Vorbild sein. Unsere Mitarbeiterin Dorothee Philipp sprach mit ihm \u00fcber die Beziehungen von Baden zum Weinland Schweiz.<\/p>\n<p style=\"text-align: justify;\"><strong><span class=\"ngBold\">BZ<\/span>: Eigentlich haben die Schweizer mit ihrem Mondial du Chasselas ja beim Markgr\u00e4fler Gutedel-Cup abgekupfert&#8230;<\/strong><br \/>\n<span class=\"ngBold\">Armin S\u00fctterlin:<\/span> Man k\u00f6nnte sagen, der Impuls ging von Badenweiler aus, als beim Gutedel-Cup eine neue Kategorie &#8220;ausl\u00e4ndische Weine&#8221; eingef\u00fchrt wurde. Da hatten wir von Anfang an gute Kontakte ins Waadtland. Man muss auch sagen, dass es in ganz Deutschland keine Region gibt, die sich so mit einer einzigen Weinsorte identifiziert wie wir hier mit dem Gutedel. Wir haben den Cup, den Gutedeltag, den Gutedel-Wandertag und viele andere Veranstaltungen, in denen diese Weinsorte im Mittelpunkt steht. Das hat den Schweizern imponiert. 2010 gr\u00fcndeten sie in Aigle die Vereinigung zur F\u00f6rderung des Chasselas, 2012 folgte der erste Wettbewerb.<\/p>\n<p style=\"text-align: justify;\"><strong><span class=\"ngBold\">BZ<\/span>: Und war gleich ein Riesenerfolg.<\/strong><br \/>\nS\u00fctterlin: Mit einer stabilen Zahl potenter Sponsoren und staatlicher Unterst\u00fctzung hat der Mondial du Chasselas eine gute Basis. Dazu kommt, dass die Weinproduzenten auf ein ganz anderes Marketingkonzept setzen als wir.<\/p>\n<p><strong><span class=\"ngBold\">BZ:<\/span> Was machen die anders?<\/strong><br \/>\nS\u00fctterlin: Es schmerzt mich immer, wenn ich irgendwo einen Gutedel f\u00fcr drei bis vier Euro im Supermarktregal sehe. Das ist in der Schweiz \u00fcberwiegend anders. Hier erf\u00e4hrt der Wein eine viel h\u00f6here Wertsch\u00e4tzung, die sich auch im Preis niederschl\u00e4gt. Und nat\u00fcrlich muss die Qualit\u00e4t stimmen. In der Schweiz wird der Wein auch viel gezielter vermarktet. Der meist verkaufte Gutedel der Welt ist der Chasselas &#8220;Aigle les Muraille&#8221; von Badoux mit 680 000 Flaschen pro Jahr. F\u00fcr um die 20 Schweizerfranken pro Flasche, derzeit im Sonderangebot f\u00fcr 17,80.<\/p>\n<p><strong><span class=\"ngBold\">BZ:<\/span> Dann k\u00f6nnen die Markgr\u00e4fler beim Mondial du Chasselas etwas lernen<\/strong>?<br \/>\n<span class=\"ngBold\">S\u00fctterlin:<\/span> Auf jeden Fall k\u00f6nnen die Produzenten aus dem Markgr\u00e4flerland sehen, dass die Gutedelweine in der Schweiz ein ganz anderes Image haben. Dort ist ja auch die Anbaufl\u00e4che viel gr\u00f6\u00dfer als bei uns. Sie liegt bei rund 4000 von insgesamt 15 000 Hektar.<\/p>\n<p><strong><span class=\"ngBold\">BZ:<\/span> Aber bei den Edels\u00fc\u00dfen haben die Markgr\u00e4fler offenbar die Nase vorn.<\/strong><br \/>\n<span class=\"ngBold\">S\u00fctterlin:<\/span> Die Schweizer haben da bisher meist zum franz\u00f6sischen Sauternes oder Monbazillac gegriffen, sie machen aber jetzt selbst schon sehr gute Edels\u00fc\u00dfe. Und von den Teilnehmern aus dem Markgr\u00e4flerland haben sie gelernt, was man aus Gutedel alles machen kann.<\/p>\n<p><strong><span class=\"ngBold\">BZ:<\/span> Auch bek\u00f6mmliche leichte Weine, wie die neu eingef\u00fchrte Kategorie &#8220;Swing&#8221; beim Wettbewerb gezeigt hat.<\/strong><br \/>\n<span class=\"ngBold\">S\u00fctterlin:<\/span> Ja, sicher. Von unseren &#8220;gr\u00fcnen Markgr\u00e4flern&#8221; waren sowohl die Schweizer Produzenten als auch die Verbraucher begeistert. Da hat sich ein gutes Konzept entwickelt. Aber zum Beispiel bei der Kultivierung der alten Jahrg\u00e4nge sind wir weit abgeschlagen. Unsere Gutedel werden meistens im Alter von einem bis zwei Jahren getrunken, das ist auch ein St\u00fcck weit Verkaufspolitik. Dabei eignet sich ein sorgf\u00e4ltig ausgebauter Gutedel mit einem vern\u00fcnftigen Extraktgehalt sehr wohl, als gereifter Wein einen gro\u00dfen Auftritt zu haben. Die Jury durfte abends zehn Chasselas aus dem Archiv eines Weinguts verkosten, der \u00e4lteste aus Jahrgang 1971. Acht dieser Weine waren schlichtweg grandios.<br \/>\n<strong><span class=\"ngBold\"><br \/>\nBZ<\/span>: Was w\u00fcrden sie den Markgr\u00e4fler Weinerzeugern ins Stammbuch schreiben?<\/strong><br \/>\n<span class=\"ngBold\">S\u00fctterlin<\/span>: Qualit\u00e4t f\u00e4ngt im Weinberg an. Und da muss der Ertrag noch mehr reduziert werden. W\u00fcrden unsere Betriebe ihre Auszahlungspreise rigoros an die angelieferte Qualit\u00e4t kn\u00fcpfen und mehr hochpreisige Selektionsweine produzieren, w\u00fcrde das viel helfen. In den Hauptanbaugebieten des Chasselas liegt der Ertrag bei etwas \u00fcber einem Kilogramm pro Quadratmeter. Was in dem von uns viel beneideten S\u00fcdtirol und in der Schweiz funktioniert, m\u00fcsste eigentlich auch bei uns machbar sein. Und dann m\u00fcsste das Weinmarketing noch enger an den Tourismus angebunden sein. Aber bei uns gibt es viel zu viele Einzelverb\u00e4nde und viel zu viele Einzelinteressen. Ein guter Ansatz war die Werbegemeinschaft Markgr\u00e4flerland, aber die ist inzwischen ja auch nur noch ein St\u00fcckwerk.<\/p>\n<div class=\"ngAbspann\" style=\"text-align: justify;\"><strong><span class=\"ngBold\">Zur Person<\/span><\/strong>: Armin S\u00fctterlin (58), geboren in M\u00fcllheim, ist gelernter Kellermeister. Er war von 1974 bis 1997 im Badischen Winzerkeller Breisach und danach bis 2007 Kellermeister in der Ersten Markgr\u00e4fler Winzergenossenschaft Schliengen-M\u00fcllheim, bevor er als Betriebsleiter an das Kaiserst\u00fchler Weingut Abril wechselte. Seit 2015 ist er \u00f6nologischer Berater im &#8220;Weingut zum Sternen&#8221; im aargauischen W\u00fcrenlingen. Er war 15 Jahre Vorstandsmitglied der &#8220;Internationalen Vereinigung f\u00fcr Oenologie, Betriebswirtschaft und Weinmarketing&#8221;, wo er nationale und internationale Kontakte kn\u00fcpfen konnte.<\/div>\n","protected":false},"excerpt":{"rendered":"<p>Interview mit Armin S\u00fctterlin, der erkl\u00e4rt, wo die Markgr\u00e4fler in Sachen Gutedel noch von den Eidgenossen lernen k\u00f6nnen.<\/p>\n","protected":false},"author":1,"featured_media":393,"comment_status":"open","ping_status":"open","sticky":false,"template":"","format":"standard","meta":{"ngg_post_thumbnail":0},"categories":[444],"tags":[500,489,156],"yoast_head":"<!-- This site is optimized with the Yoast SEO plugin v20.3 - https:\/\/yoast.com\/wordpress\/plugins\/seo\/ -->\n<title>Wertsch\u00e4tzung h\u00f6her in der Schweiz<\/title>\n<meta name=\"description\" content=\"Interview mit Armin S\u00fctterlin, der erkl\u00e4rt, wo die Markgr\u00e4fler in Sachen Gutedel noch von den Eidgenossen lernen k\u00f6nnen.\" \/>\n<meta name=\"robots\" content=\"index, follow, max-snippet:-1, max-image-preview:large, max-video-preview:-1\" \/>\n<link rel=\"canonical\" href=\"https:\/\/www.mondialduchasselas.com\/de\/wertschatzung-hoher-in-der-schweiz\/\" \/>\n<meta property=\"og:locale\" content=\"de_DE\" \/>\n<meta property=\"og:type\" content=\"article\" \/>\n<meta property=\"og:title\" content=\"Wertsch\u00e4tzung h\u00f6her in der Schweiz\" \/>\n<meta property=\"og:description\" content=\"Interview mit Armin S\u00fctterlin, der erkl\u00e4rt, wo die Markgr\u00e4fler in Sachen Gutedel noch von den Eidgenossen lernen k\u00f6nnen.\" \/>\n<meta property=\"og:url\" content=\"https:\/\/www.mondialduchasselas.com\/de\/wertschatzung-hoher-in-der-schweiz\/\" \/>\n<meta property=\"og:site_name\" content=\"Mondial du Chasselas\" \/>\n<meta property=\"article:publisher\" content=\"http:\/\/www.facebook.com\/MondialDuChasselas\/\" \/>\n<meta property=\"article:published_time\" content=\"2016-07-19T05:45:12+00:00\" \/>\n<meta property=\"og:image\" content=\"https:\/\/www.mondialduchasselas.com\/wp-content\/uploads\/2015\/07\/Badische-Zeitung-630x353.jpg\" \/>\n\t<meta property=\"og:image:width\" content=\"630\" \/>\n\t<meta property=\"og:image:height\" content=\"353\" \/>\n\t<meta property=\"og:image:type\" content=\"image\/jpeg\" \/>\n<meta name=\"author\" content=\"R\u00e9daction\" \/>\n<meta name=\"twitter:card\" content=\"summary_large_image\" \/>\n<meta name=\"twitter:label1\" content=\"Verfasst von\" \/>\n\t<meta name=\"twitter:data1\" content=\"R\u00e9daction\" \/>\n\t<meta name=\"twitter:label2\" content=\"Gesch\u00e4tzte Lesezeit\" \/>\n\t<meta name=\"twitter:data2\" content=\"4\u00a0Minuten\" \/>\n<script type=\"application\/ld+json\" class=\"yoast-schema-graph\">{\"@context\":\"https:\/\/schema.org\",\"@graph\":[{\"@type\":\"WebPage\",\"@id\":\"https:\/\/www.mondialduchasselas.com\/de\/wertschatzung-hoher-in-der-schweiz\/\",\"url\":\"https:\/\/www.mondialduchasselas.com\/de\/wertschatzung-hoher-in-der-schweiz\/\",\"name\":\"Wertsch\u00e4tzung h\u00f6her in der Schweiz\",\"isPartOf\":{\"@id\":\"https:\/\/www.mondialduchasselas.com\/#website\"},\"datePublished\":\"2016-07-19T05:45:12+00:00\",\"dateModified\":\"2016-07-19T05:45:12+00:00\",\"author\":{\"@id\":\"https:\/\/www.mondialduchasselas.com\/#\/schema\/person\/b80a37407e3de75de5c701e7e0c8e3f3\"},\"description\":\"Interview mit Armin S\u00fctterlin, der erkl\u00e4rt, wo die Markgr\u00e4fler in Sachen Gutedel noch von den Eidgenossen lernen k\u00f6nnen.\",\"breadcrumb\":{\"@id\":\"https:\/\/www.mondialduchasselas.com\/de\/wertschatzung-hoher-in-der-schweiz\/#breadcrumb\"},\"inLanguage\":\"de\",\"potentialAction\":[{\"@type\":\"ReadAction\",\"target\":[\"https:\/\/www.mondialduchasselas.com\/de\/wertschatzung-hoher-in-der-schweiz\/\"]}]},{\"@type\":\"BreadcrumbList\",\"@id\":\"https:\/\/www.mondialduchasselas.com\/de\/wertschatzung-hoher-in-der-schweiz\/#breadcrumb\",\"itemListElement\":[{\"@type\":\"ListItem\",\"position\":1,\"name\":\"Accueil\",\"item\":\"https:\/\/www.mondialduchasselas.com\/\"},{\"@type\":\"ListItem\",\"position\":2,\"name\":\"Wertsch\u00e4tzung h\u00f6her in der Schweiz\"}]},{\"@type\":\"WebSite\",\"@id\":\"https:\/\/www.mondialduchasselas.com\/#website\",\"url\":\"https:\/\/www.mondialduchasselas.com\/\",\"name\":\"Mondial du Chasselas\",\"description\":\"Le Chasselas, un c\u00e9page plus actuel que jamais\",\"potentialAction\":[{\"@type\":\"SearchAction\",\"target\":{\"@type\":\"EntryPoint\",\"urlTemplate\":\"https:\/\/www.mondialduchasselas.com\/?s={search_term_string}\"},\"query-input\":\"required name=search_term_string\"}],\"inLanguage\":\"de\"},{\"@type\":\"Person\",\"@id\":\"https:\/\/www.mondialduchasselas.com\/#\/schema\/person\/b80a37407e3de75de5c701e7e0c8e3f3\",\"name\":\"R\u00e9daction\",\"image\":{\"@type\":\"ImageObject\",\"inLanguage\":\"de\",\"@id\":\"https:\/\/www.mondialduchasselas.com\/#\/schema\/person\/image\/\",\"url\":\"https:\/\/secure.gravatar.com\/avatar\/6c92f4165a6da0d89e2be6116a88ebc5?s=96&d=mm&r=g\",\"contentUrl\":\"https:\/\/secure.gravatar.com\/avatar\/6c92f4165a6da0d89e2be6116a88ebc5?s=96&d=mm&r=g\",\"caption\":\"R\u00e9daction\"},\"url\":\"https:\/\/www.mondialduchasselas.com\/de\/author\/mondial-ch\/\"}]}<\/script>\n<!-- \/ Yoast SEO plugin. -->","yoast_head_json":{"title":"Wertsch\u00e4tzung h\u00f6her in der Schweiz","description":"Interview mit Armin S\u00fctterlin, der erkl\u00e4rt, wo die Markgr\u00e4fler in Sachen Gutedel noch von den Eidgenossen lernen k\u00f6nnen.","robots":{"index":"index","follow":"follow","max-snippet":"max-snippet:-1","max-image-preview":"max-image-preview:large","max-video-preview":"max-video-preview:-1"},"canonical":"https:\/\/www.mondialduchasselas.com\/de\/wertschatzung-hoher-in-der-schweiz\/","og_locale":"de_DE","og_type":"article","og_title":"Wertsch\u00e4tzung h\u00f6her in der Schweiz","og_description":"Interview mit Armin S\u00fctterlin, der erkl\u00e4rt, wo die Markgr\u00e4fler in Sachen Gutedel noch von den Eidgenossen lernen k\u00f6nnen.","og_url":"https:\/\/www.mondialduchasselas.com\/de\/wertschatzung-hoher-in-der-schweiz\/","og_site_name":"Mondial du Chasselas","article_publisher":"http:\/\/www.facebook.com\/MondialDuChasselas\/","article_published_time":"2016-07-19T05:45:12+00:00","og_image":[{"width":630,"height":353,"url":"https:\/\/www.mondialduchasselas.com\/wp-content\/uploads\/2015\/07\/Badische-Zeitung-630x353.jpg","type":"image\/jpeg"}],"author":"R\u00e9daction","twitter_card":"summary_large_image","twitter_misc":{"Verfasst von":"R\u00e9daction","Gesch\u00e4tzte Lesezeit":"4\u00a0Minuten"},"schema":{"@context":"https:\/\/schema.org","@graph":[{"@type":"WebPage","@id":"https:\/\/www.mondialduchasselas.com\/de\/wertschatzung-hoher-in-der-schweiz\/","url":"https:\/\/www.mondialduchasselas.com\/de\/wertschatzung-hoher-in-der-schweiz\/","name":"Wertsch\u00e4tzung h\u00f6her in der Schweiz","isPartOf":{"@id":"https:\/\/www.mondialduchasselas.com\/#website"},"datePublished":"2016-07-19T05:45:12+00:00","dateModified":"2016-07-19T05:45:12+00:00","author":{"@id":"https:\/\/www.mondialduchasselas.com\/#\/schema\/person\/b80a37407e3de75de5c701e7e0c8e3f3"},"description":"Interview mit Armin S\u00fctterlin, der erkl\u00e4rt, wo die Markgr\u00e4fler in Sachen Gutedel noch von den Eidgenossen lernen k\u00f6nnen.","breadcrumb":{"@id":"https:\/\/www.mondialduchasselas.com\/de\/wertschatzung-hoher-in-der-schweiz\/#breadcrumb"},"inLanguage":"de","potentialAction":[{"@type":"ReadAction","target":["https:\/\/www.mondialduchasselas.com\/de\/wertschatzung-hoher-in-der-schweiz\/"]}]},{"@type":"BreadcrumbList","@id":"https:\/\/www.mondialduchasselas.com\/de\/wertschatzung-hoher-in-der-schweiz\/#breadcrumb","itemListElement":[{"@type":"ListItem","position":1,"name":"Accueil","item":"https:\/\/www.mondialduchasselas.com\/"},{"@type":"ListItem","position":2,"name":"Wertsch\u00e4tzung h\u00f6her in der Schweiz"}]},{"@type":"WebSite","@id":"https:\/\/www.mondialduchasselas.com\/#website","url":"https:\/\/www.mondialduchasselas.com\/","name":"Mondial du Chasselas","description":"Le Chasselas, un c\u00e9page plus actuel que jamais","potentialAction":[{"@type":"SearchAction","target":{"@type":"EntryPoint","urlTemplate":"https:\/\/www.mondialduchasselas.com\/?s={search_term_string}"},"query-input":"required name=search_term_string"}],"inLanguage":"de"},{"@type":"Person","@id":"https:\/\/www.mondialduchasselas.com\/#\/schema\/person\/b80a37407e3de75de5c701e7e0c8e3f3","name":"R\u00e9daction","image":{"@type":"ImageObject","inLanguage":"de","@id":"https:\/\/www.mondialduchasselas.com\/#\/schema\/person\/image\/","url":"https:\/\/secure.gravatar.com\/avatar\/6c92f4165a6da0d89e2be6116a88ebc5?s=96&d=mm&r=g","contentUrl":"https:\/\/secure.gravatar.com\/avatar\/6c92f4165a6da0d89e2be6116a88ebc5?s=96&d=mm&r=g","caption":"R\u00e9daction"},"url":"https:\/\/www.mondialduchasselas.com\/de\/author\/mondial-ch\/"}]}},"_links":{"self":[{"href":"https:\/\/www.mondialduchasselas.com\/de\/wp-json\/wp\/v2\/posts\/1533"}],"collection":[{"href":"https:\/\/www.mondialduchasselas.com\/de\/wp-json\/wp\/v2\/posts"}],"about":[{"href":"https:\/\/www.mondialduchasselas.com\/de\/wp-json\/wp\/v2\/types\/post"}],"author":[{"embeddable":true,"href":"https:\/\/www.mondialduchasselas.com\/de\/wp-json\/wp\/v2\/users\/1"}],"replies":[{"embeddable":true,"href":"https:\/\/www.mondialduchasselas.com\/de\/wp-json\/wp\/v2\/comments?post=1533"}],"version-history":[{"count":1,"href":"https:\/\/www.mondialduchasselas.com\/de\/wp-json\/wp\/v2\/posts\/1533\/revisions"}],"predecessor-version":[{"id":1534,"href":"https:\/\/www.mondialduchasselas.com\/de\/wp-json\/wp\/v2\/posts\/1533\/revisions\/1534"}],"wp:featuredmedia":[{"embeddable":true,"href":"https:\/\/www.mondialduchasselas.com\/de\/wp-json\/wp\/v2\/media\/393"}],"wp:attachment":[{"href":"https:\/\/www.mondialduchasselas.com\/de\/wp-json\/wp\/v2\/media?parent=1533"}],"wp:term":[{"taxonomy":"category","embeddable":true,"href":"https:\/\/www.mondialduchasselas.com\/de\/wp-json\/wp\/v2\/categories?post=1533"},{"taxonomy":"post_tag","embeddable":true,"href":"https:\/\/www.mondialduchasselas.com\/de\/wp-json\/wp\/v2\/tags?post=1533"}],"curies":[{"name":"wp","href":"https:\/\/api.w.org\/{rel}","templated":true}]}}