{"id":3416,"date":"2017-08-15T14:44:22","date_gmt":"2017-08-15T13:44:22","guid":{"rendered":"http:\/\/www.mondialduchasselas.com\/?p=3416"},"modified":"2017-08-15T14:44:22","modified_gmt":"2017-08-15T13:44:22","slug":"mondial-du-chasselas-in-der-schweizer-zeitschrift-fur-obst-und-weinbau","status":"publish","type":"post","link":"https:\/\/www.mondialduchasselas.com\/de\/mondial-du-chasselas-in-der-schweizer-zeitschrift-fur-obst-und-weinbau\/","title":{"rendered":"Mondial du Chasselas in der Schweizer Zeitschrift f\u00fcr Obst-und Weinbau"},"content":{"rendered":"<p>Erschien in der Schweizer Zeitschrift f\u00fcr Obst-und Weinbau (14. Juli 2017) ein Artikel von Hansj\u00fcrg Zehnder \u00fcber die reifen Chasselas-Jahrg\u00e4nge und ein Artikel von Markus Hungerbh\u00fcler \u00fcber den 6. Mondial du Chasselas.\u00a0 <a href=\"http:\/\/www.mondialduchasselas.com\/wp-content\/uploads\/2017\/08\/SZOW-153.-Jhrg-Nr.-14-14.-Juli-2017-6.-Mondial-du-Chasselas-2017-in-Aigle.pdf\">PDF Lesen<\/a><\/p>\n","protected":false},"excerpt":{"rendered":"<p>Erschien in der Schweizer Zeitschrift f\u00fcr Obst-und Weinbau (14. Juli 2017) ein Artikel von Hansj\u00fcrg Zehnder \u00fcber die reifen Chasselas-Jahrg\u00e4nge und ein Artikel von Markus Hungerbh\u00fcler \u00fcber den 6. Mondial du Chasselas.<\/p>\n","protected":false},"author":1,"featured_media":718,"comment_status":"open","ping_status":"open","sticky":false,"template":"","format":"standard","meta":{"ngg_post_thumbnail":0},"categories":[637],"tags":[159,517,671],"yoast_head":"<!-- This site is optimized with the Yoast SEO plugin v20.3 - https:\/\/yoast.com\/wordpress\/plugins\/seo\/ -->\n<title>Mondial du Chasselas in der SZOW<\/title>\n<meta name=\"description\" content=\"Erschien in der SZOW ein Artikel von Hansj\u00fcrg Zehnder \u00fcber die reifen Chasselas und ein Artikel von Markus Hungerbh\u00fcler \u00fcber den 6. Mondial du Chasselas.\" \/>\n<meta name=\"robots\" content=\"index, follow, max-snippet:-1, max-image-preview:large, max-video-preview:-1\" \/>\n<link rel=\"canonical\" href=\"https:\/\/www.mondialduchasselas.com\/de\/mondial-du-chasselas-in-der-schweizer-zeitschrift-fur-obst-und-weinbau\/\" \/>\n<meta property=\"og:locale\" content=\"de_DE\" \/>\n<meta property=\"og:type\" content=\"article\" \/>\n<meta property=\"og:title\" content=\"Mondial du Chasselas in der SZOW\" \/>\n<meta property=\"og:description\" content=\"Erschien in der SZOW ein Artikel von Hansj\u00fcrg Zehnder \u00fcber die reifen Chasselas und ein Artikel von Markus Hungerbh\u00fcler \u00fcber den 6. Mondial du Chasselas.\" \/>\n<meta property=\"og:url\" content=\"https:\/\/www.mondialduchasselas.com\/de\/mondial-du-chasselas-in-der-schweizer-zeitschrift-fur-obst-und-weinbau\/\" \/>\n<meta property=\"og:site_name\" content=\"Mondial du Chasselas\" \/>\n<meta property=\"article:publisher\" content=\"http:\/\/www.facebook.com\/MondialDuChasselas\/\" \/>\n<meta property=\"article:published_time\" content=\"2017-08-15T13:44:22+00:00\" \/>\n<meta property=\"og:image\" content=\"https:\/\/www.mondialduchasselas.com\/wp-content\/uploads\/2015\/08\/Logo-Obst-_und_Weinbau_Schweiz.jpg\" \/>\n\t<meta property=\"og:image:width\" content=\"976\" \/>\n\t<meta property=\"og:image:height\" content=\"164\" \/>\n\t<meta property=\"og:image:type\" content=\"image\/jpeg\" \/>\n<meta name=\"author\" content=\"R\u00e9daction\" \/>\n<meta name=\"twitter:card\" content=\"summary_large_image\" \/>\n<meta name=\"twitter:label1\" content=\"Verfasst von\" \/>\n\t<meta name=\"twitter:data1\" content=\"R\u00e9daction\" \/>\n<script type=\"application\/ld+json\" class=\"yoast-schema-graph\">{\"@context\":\"https:\/\/schema.org\",\"@graph\":[{\"@type\":\"WebPage\",\"@id\":\"https:\/\/www.mondialduchasselas.com\/de\/mondial-du-chasselas-in-der-schweizer-zeitschrift-fur-obst-und-weinbau\/\",\"url\":\"https:\/\/www.mondialduchasselas.com\/de\/mondial-du-chasselas-in-der-schweizer-zeitschrift-fur-obst-und-weinbau\/\",\"name\":\"Mondial du Chasselas in der SZOW\",\"isPartOf\":{\"@id\":\"https:\/\/www.mondialduchasselas.com\/#website\"},\"datePublished\":\"2017-08-15T13:44:22+00:00\",\"dateModified\":\"2017-08-15T13:44:22+00:00\",\"author\":{\"@id\":\"https:\/\/www.mondialduchasselas.com\/#\/schema\/person\/b80a37407e3de75de5c701e7e0c8e3f3\"},\"description\":\"Erschien in der SZOW ein Artikel von Hansj\u00fcrg Zehnder \u00fcber die reifen Chasselas und ein Artikel von Markus Hungerbh\u00fcler \u00fcber den 6. Mondial du Chasselas.\",\"breadcrumb\":{\"@id\":\"https:\/\/www.mondialduchasselas.com\/de\/mondial-du-chasselas-in-der-schweizer-zeitschrift-fur-obst-und-weinbau\/#breadcrumb\"},\"inLanguage\":\"de\",\"potentialAction\":[{\"@type\":\"ReadAction\",\"target\":[\"https:\/\/www.mondialduchasselas.com\/de\/mondial-du-chasselas-in-der-schweizer-zeitschrift-fur-obst-und-weinbau\/\"]}]},{\"@type\":\"BreadcrumbList\",\"@id\":\"https:\/\/www.mondialduchasselas.com\/de\/mondial-du-chasselas-in-der-schweizer-zeitschrift-fur-obst-und-weinbau\/#breadcrumb\",\"itemListElement\":[{\"@type\":\"ListItem\",\"position\":1,\"name\":\"Accueil\",\"item\":\"https:\/\/www.mondialduchasselas.com\/\"},{\"@type\":\"ListItem\",\"position\":2,\"name\":\"Mondial du Chasselas in der Schweizer Zeitschrift f\u00fcr Obst-und Weinbau\"}]},{\"@type\":\"WebSite\",\"@id\":\"https:\/\/www.mondialduchasselas.com\/#website\",\"url\":\"https:\/\/www.mondialduchasselas.com\/\",\"name\":\"Mondial du Chasselas\",\"description\":\"Le Chasselas, un c\u00e9page plus actuel que jamais\",\"potentialAction\":[{\"@type\":\"SearchAction\",\"target\":{\"@type\":\"EntryPoint\",\"urlTemplate\":\"https:\/\/www.mondialduchasselas.com\/?s={search_term_string}\"},\"query-input\":\"required name=search_term_string\"}],\"inLanguage\":\"de\"},{\"@type\":\"Person\",\"@id\":\"https:\/\/www.mondialduchasselas.com\/#\/schema\/person\/b80a37407e3de75de5c701e7e0c8e3f3\",\"name\":\"R\u00e9daction\",\"image\":{\"@type\":\"ImageObject\",\"inLanguage\":\"de\",\"@id\":\"https:\/\/www.mondialduchasselas.com\/#\/schema\/person\/image\/\",\"url\":\"https:\/\/secure.gravatar.com\/avatar\/6c92f4165a6da0d89e2be6116a88ebc5?s=96&d=mm&r=g\",\"contentUrl\":\"https:\/\/secure.gravatar.com\/avatar\/6c92f4165a6da0d89e2be6116a88ebc5?s=96&d=mm&r=g\",\"caption\":\"R\u00e9daction\"},\"url\":\"https:\/\/www.mondialduchasselas.com\/de\/author\/mondial-ch\/\"}]}<\/script>\n<!-- \/ Yoast SEO plugin. -->","yoast_head_json":{"title":"Mondial du Chasselas in der SZOW","description":"Erschien in der SZOW ein Artikel von Hansj\u00fcrg Zehnder \u00fcber die reifen Chasselas und ein Artikel von Markus Hungerbh\u00fcler \u00fcber den 6. Mondial du Chasselas.","robots":{"index":"index","follow":"follow","max-snippet":"max-snippet:-1","max-image-preview":"max-image-preview:large","max-video-preview":"max-video-preview:-1"},"canonical":"https:\/\/www.mondialduchasselas.com\/de\/mondial-du-chasselas-in-der-schweizer-zeitschrift-fur-obst-und-weinbau\/","og_locale":"de_DE","og_type":"article","og_title":"Mondial du Chasselas in der SZOW","og_description":"Erschien in der SZOW ein Artikel von Hansj\u00fcrg Zehnder \u00fcber die reifen Chasselas und ein Artikel von Markus Hungerbh\u00fcler \u00fcber den 6. Mondial du Chasselas.","og_url":"https:\/\/www.mondialduchasselas.com\/de\/mondial-du-chasselas-in-der-schweizer-zeitschrift-fur-obst-und-weinbau\/","og_site_name":"Mondial du Chasselas","article_publisher":"http:\/\/www.facebook.com\/MondialDuChasselas\/","article_published_time":"2017-08-15T13:44:22+00:00","og_image":[{"width":976,"height":164,"url":"https:\/\/www.mondialduchasselas.com\/wp-content\/uploads\/2015\/08\/Logo-Obst-_und_Weinbau_Schweiz.jpg","type":"image\/jpeg"}],"author":"R\u00e9daction","twitter_card":"summary_large_image","twitter_misc":{"Verfasst von":"R\u00e9daction"},"schema":{"@context":"https:\/\/schema.org","@graph":[{"@type":"WebPage","@id":"https:\/\/www.mondialduchasselas.com\/de\/mondial-du-chasselas-in-der-schweizer-zeitschrift-fur-obst-und-weinbau\/","url":"https:\/\/www.mondialduchasselas.com\/de\/mondial-du-chasselas-in-der-schweizer-zeitschrift-fur-obst-und-weinbau\/","name":"Mondial du Chasselas in der SZOW","isPartOf":{"@id":"https:\/\/www.mondialduchasselas.com\/#website"},"datePublished":"2017-08-15T13:44:22+00:00","dateModified":"2017-08-15T13:44:22+00:00","author":{"@id":"https:\/\/www.mondialduchasselas.com\/#\/schema\/person\/b80a37407e3de75de5c701e7e0c8e3f3"},"description":"Erschien in der SZOW ein Artikel von Hansj\u00fcrg Zehnder \u00fcber die reifen Chasselas und ein Artikel von Markus Hungerbh\u00fcler \u00fcber den 6. Mondial du Chasselas.","breadcrumb":{"@id":"https:\/\/www.mondialduchasselas.com\/de\/mondial-du-chasselas-in-der-schweizer-zeitschrift-fur-obst-und-weinbau\/#breadcrumb"},"inLanguage":"de","potentialAction":[{"@type":"ReadAction","target":["https:\/\/www.mondialduchasselas.com\/de\/mondial-du-chasselas-in-der-schweizer-zeitschrift-fur-obst-und-weinbau\/"]}]},{"@type":"BreadcrumbList","@id":"https:\/\/www.mondialduchasselas.com\/de\/mondial-du-chasselas-in-der-schweizer-zeitschrift-fur-obst-und-weinbau\/#breadcrumb","itemListElement":[{"@type":"ListItem","position":1,"name":"Accueil","item":"https:\/\/www.mondialduchasselas.com\/"},{"@type":"ListItem","position":2,"name":"Mondial du Chasselas in der Schweizer Zeitschrift f\u00fcr Obst-und Weinbau"}]},{"@type":"WebSite","@id":"https:\/\/www.mondialduchasselas.com\/#website","url":"https:\/\/www.mondialduchasselas.com\/","name":"Mondial du Chasselas","description":"Le Chasselas, un c\u00e9page plus actuel que jamais","potentialAction":[{"@type":"SearchAction","target":{"@type":"EntryPoint","urlTemplate":"https:\/\/www.mondialduchasselas.com\/?s={search_term_string}"},"query-input":"required name=search_term_string"}],"inLanguage":"de"},{"@type":"Person","@id":"https:\/\/www.mondialduchasselas.com\/#\/schema\/person\/b80a37407e3de75de5c701e7e0c8e3f3","name":"R\u00e9daction","image":{"@type":"ImageObject","inLanguage":"de","@id":"https:\/\/www.mondialduchasselas.com\/#\/schema\/person\/image\/","url":"https:\/\/secure.gravatar.com\/avatar\/6c92f4165a6da0d89e2be6116a88ebc5?s=96&d=mm&r=g","contentUrl":"https:\/\/secure.gravatar.com\/avatar\/6c92f4165a6da0d89e2be6116a88ebc5?s=96&d=mm&r=g","caption":"R\u00e9daction"},"url":"https:\/\/www.mondialduchasselas.com\/de\/author\/mondial-ch\/"}]}},"_links":{"self":[{"href":"https:\/\/www.mondialduchasselas.com\/de\/wp-json\/wp\/v2\/posts\/3416"}],"collection":[{"href":"https:\/\/www.mondialduchasselas.com\/de\/wp-json\/wp\/v2\/posts"}],"about":[{"href":"https:\/\/www.mondialduchasselas.com\/de\/wp-json\/wp\/v2\/types\/post"}],"author":[{"embeddable":true,"href":"https:\/\/www.mondialduchasselas.com\/de\/wp-json\/wp\/v2\/users\/1"}],"replies":[{"embeddable":true,"href":"https:\/\/www.mondialduchasselas.com\/de\/wp-json\/wp\/v2\/comments?post=3416"}],"version-history":[{"count":1,"href":"https:\/\/www.mondialduchasselas.com\/de\/wp-json\/wp\/v2\/posts\/3416\/revisions"}],"predecessor-version":[{"id":3418,"href":"https:\/\/www.mondialduchasselas.com\/de\/wp-json\/wp\/v2\/posts\/3416\/revisions\/3418"}],"wp:featuredmedia":[{"embeddable":true,"href":"https:\/\/www.mondialduchasselas.com\/de\/wp-json\/wp\/v2\/media\/718"}],"wp:attachment":[{"href":"https:\/\/www.mondialduchasselas.com\/de\/wp-json\/wp\/v2\/media?parent=3416"}],"wp:term":[{"taxonomy":"category","embeddable":true,"href":"https:\/\/www.mondialduchasselas.com\/de\/wp-json\/wp\/v2\/categories?post=3416"},{"taxonomy":"post_tag","embeddable":true,"href":"https:\/\/www.mondialduchasselas.com\/de\/wp-json\/wp\/v2\/tags?post=3416"}],"curies":[{"name":"wp","href":"https:\/\/api.w.org\/{rel}","templated":true}]}}