{"id":909,"date":"2015-10-28T09:56:37","date_gmt":"2015-10-28T08:56:37","guid":{"rendered":"http:\/\/www.mondialduchasselas.com\/?p=909"},"modified":"2015-10-30T11:09:33","modified_gmt":"2015-10-30T10:09:33","slug":"mondial-du-chasselas-im-expovina-2015","status":"publish","type":"post","link":"https:\/\/www.mondialduchasselas.com\/de\/mondial-du-chasselas-im-expovina-2015\/","title":{"rendered":"Mondial du Chasselas an der Expovina 2015"},"content":{"rendered":"<p style=\"text-align: justify;\">Der Mondial du Chasselas organisiert an der\u00a0 Expovina zwei freie Degustationen mit pr\u00e4mierten Produzenten aus der Ausgabe 2015. Die Preisgewinner des diesj\u00e4hrigen Mondial du Chasselas, eines internationalen Verkostungswettbewerbs mit mehr als 690 Teilnehmern, stellen ihre Weine vor.<\/p>\n<p><strong>Sonntag, 1. November 2015 16.30-21 Uhr<\/strong>: <strong>Weine mit \u00fcberraschendem Potential<\/strong><br \/>\nFreie Degustation mit pr\u00e4mierten Produzenten 2015.<br \/>\nEntdecken Sie diese verbl\u00fcffende Traubensorte (wieder), die sowohl frische wie kraftvolle Weine ergeben kann und lassen Sie sich bei einigen \u00e4lteren Jahrg\u00e4ngen von ihrem Entwicklungspotential \u00fcberzeugen.<\/p>\n<p style=\"text-align: justify;\"><strong>Dienstag, 3. November 2015 16.30-21 Uhr<\/strong>: <strong>facettenreiche Weine<\/strong><br \/>\nFreie Degustation mit pr\u00e4mierten Produzenten 2015 aus der Schweiz und Deutschland.<br \/>\nEntdecken Sie diese verbl\u00fcffende Traubensorte (wieder), die sowohl frische, trockene Aperitif- wie kraftvolle Gastronomie- und verf\u00fchrerische Dessertweine ergeben kann.<\/p>\n<p style=\"text-align: justify;\">\n","protected":false},"excerpt":{"rendered":"<p>Mondial du Chasselas organisiert im  Expovina zwei freien Degustationen mit pr\u00e4mierten Produzenten 2015.<\/p>\n","protected":false},"author":1,"featured_media":911,"comment_status":"open","ping_status":"open","sticky":false,"template":"","format":"standard","meta":{"ngg_post_thumbnail":0},"categories":[6],"tags":[944,934,313],"yoast_head":"<!-- This site is optimized with the Yoast SEO plugin v20.3 - https:\/\/yoast.com\/wordpress\/plugins\/seo\/ -->\n<title>Mondial du Chasselas im Expovina 2015<\/title>\n<meta name=\"description\" content=\"Mondial du Chasselas organisiert im Expovina zwei freien Degustationen mit pr\u00e4mierten Produzenten 2015\" \/>\n<meta name=\"robots\" content=\"index, follow, max-snippet:-1, max-image-preview:large, max-video-preview:-1\" \/>\n<link rel=\"canonical\" href=\"https:\/\/www.mondialduchasselas.com\/de\/mondial-du-chasselas-im-expovina-2015\/\" \/>\n<meta property=\"og:locale\" content=\"de_DE\" \/>\n<meta property=\"og:type\" content=\"article\" \/>\n<meta property=\"og:title\" content=\"Mondial du Chasselas im Expovina 2015\" \/>\n<meta property=\"og:description\" content=\"Mondial du Chasselas organisiert im Expovina zwei freien Degustationen mit pr\u00e4mierten Produzenten 2015\" \/>\n<meta property=\"og:url\" content=\"https:\/\/www.mondialduchasselas.com\/de\/mondial-du-chasselas-im-expovina-2015\/\" \/>\n<meta property=\"og:site_name\" content=\"Mondial du Chasselas\" \/>\n<meta property=\"article:publisher\" content=\"http:\/\/www.facebook.com\/MondialDuChasselas\/\" \/>\n<meta property=\"article:published_time\" content=\"2015-10-28T08:56:37+00:00\" \/>\n<meta property=\"article:modified_time\" content=\"2015-10-30T10:09:33+00:00\" \/>\n<meta property=\"og:image\" content=\"https:\/\/www.mondialduchasselas.com\/wp-content\/uploads\/2015\/10\/logo-expovina.jpg\" \/>\n\t<meta property=\"og:image:width\" content=\"250\" \/>\n\t<meta property=\"og:image:height\" content=\"329\" \/>\n\t<meta property=\"og:image:type\" content=\"image\/jpeg\" \/>\n<meta name=\"author\" content=\"R\u00e9daction\" \/>\n<meta name=\"twitter:card\" content=\"summary_large_image\" \/>\n<meta name=\"twitter:label1\" content=\"Verfasst von\" \/>\n\t<meta name=\"twitter:data1\" content=\"R\u00e9daction\" \/>\n\t<meta name=\"twitter:label2\" content=\"Gesch\u00e4tzte Lesezeit\" \/>\n\t<meta name=\"twitter:data2\" content=\"1\u00a0Minute\" \/>\n<script type=\"application\/ld+json\" class=\"yoast-schema-graph\">{\"@context\":\"https:\/\/schema.org\",\"@graph\":[{\"@type\":\"WebPage\",\"@id\":\"https:\/\/www.mondialduchasselas.com\/de\/mondial-du-chasselas-im-expovina-2015\/\",\"url\":\"https:\/\/www.mondialduchasselas.com\/de\/mondial-du-chasselas-im-expovina-2015\/\",\"name\":\"Mondial du Chasselas im Expovina 2015\",\"isPartOf\":{\"@id\":\"https:\/\/www.mondialduchasselas.com\/#website\"},\"datePublished\":\"2015-10-28T08:56:37+00:00\",\"dateModified\":\"2015-10-30T10:09:33+00:00\",\"author\":{\"@id\":\"https:\/\/www.mondialduchasselas.com\/#\/schema\/person\/b80a37407e3de75de5c701e7e0c8e3f3\"},\"description\":\"Mondial du Chasselas organisiert im Expovina zwei freien Degustationen mit pr\u00e4mierten Produzenten 2015\",\"breadcrumb\":{\"@id\":\"https:\/\/www.mondialduchasselas.com\/de\/mondial-du-chasselas-im-expovina-2015\/#breadcrumb\"},\"inLanguage\":\"de\",\"potentialAction\":[{\"@type\":\"ReadAction\",\"target\":[\"https:\/\/www.mondialduchasselas.com\/de\/mondial-du-chasselas-im-expovina-2015\/\"]}]},{\"@type\":\"BreadcrumbList\",\"@id\":\"https:\/\/www.mondialduchasselas.com\/de\/mondial-du-chasselas-im-expovina-2015\/#breadcrumb\",\"itemListElement\":[{\"@type\":\"ListItem\",\"position\":1,\"name\":\"Accueil\",\"item\":\"https:\/\/www.mondialduchasselas.com\/\"},{\"@type\":\"ListItem\",\"position\":2,\"name\":\"Mondial du Chasselas an der Expovina 2015\"}]},{\"@type\":\"WebSite\",\"@id\":\"https:\/\/www.mondialduchasselas.com\/#website\",\"url\":\"https:\/\/www.mondialduchasselas.com\/\",\"name\":\"Mondial du Chasselas\",\"description\":\"Le Chasselas, un c\u00e9page plus actuel que jamais\",\"potentialAction\":[{\"@type\":\"SearchAction\",\"target\":{\"@type\":\"EntryPoint\",\"urlTemplate\":\"https:\/\/www.mondialduchasselas.com\/?s={search_term_string}\"},\"query-input\":\"required name=search_term_string\"}],\"inLanguage\":\"de\"},{\"@type\":\"Person\",\"@id\":\"https:\/\/www.mondialduchasselas.com\/#\/schema\/person\/b80a37407e3de75de5c701e7e0c8e3f3\",\"name\":\"R\u00e9daction\",\"image\":{\"@type\":\"ImageObject\",\"inLanguage\":\"de\",\"@id\":\"https:\/\/www.mondialduchasselas.com\/#\/schema\/person\/image\/\",\"url\":\"https:\/\/secure.gravatar.com\/avatar\/6c92f4165a6da0d89e2be6116a88ebc5?s=96&d=mm&r=g\",\"contentUrl\":\"https:\/\/secure.gravatar.com\/avatar\/6c92f4165a6da0d89e2be6116a88ebc5?s=96&d=mm&r=g\",\"caption\":\"R\u00e9daction\"},\"url\":\"https:\/\/www.mondialduchasselas.com\/de\/author\/mondial-ch\/\"}]}<\/script>\n<!-- \/ Yoast SEO plugin. -->","yoast_head_json":{"title":"Mondial du Chasselas im Expovina 2015","description":"Mondial du Chasselas organisiert im Expovina zwei freien Degustationen mit pr\u00e4mierten Produzenten 2015","robots":{"index":"index","follow":"follow","max-snippet":"max-snippet:-1","max-image-preview":"max-image-preview:large","max-video-preview":"max-video-preview:-1"},"canonical":"https:\/\/www.mondialduchasselas.com\/de\/mondial-du-chasselas-im-expovina-2015\/","og_locale":"de_DE","og_type":"article","og_title":"Mondial du Chasselas im Expovina 2015","og_description":"Mondial du Chasselas organisiert im Expovina zwei freien Degustationen mit pr\u00e4mierten Produzenten 2015","og_url":"https:\/\/www.mondialduchasselas.com\/de\/mondial-du-chasselas-im-expovina-2015\/","og_site_name":"Mondial du Chasselas","article_publisher":"http:\/\/www.facebook.com\/MondialDuChasselas\/","article_published_time":"2015-10-28T08:56:37+00:00","article_modified_time":"2015-10-30T10:09:33+00:00","og_image":[{"width":250,"height":329,"url":"https:\/\/www.mondialduchasselas.com\/wp-content\/uploads\/2015\/10\/logo-expovina.jpg","type":"image\/jpeg"}],"author":"R\u00e9daction","twitter_card":"summary_large_image","twitter_misc":{"Verfasst von":"R\u00e9daction","Gesch\u00e4tzte Lesezeit":"1\u00a0Minute"},"schema":{"@context":"https:\/\/schema.org","@graph":[{"@type":"WebPage","@id":"https:\/\/www.mondialduchasselas.com\/de\/mondial-du-chasselas-im-expovina-2015\/","url":"https:\/\/www.mondialduchasselas.com\/de\/mondial-du-chasselas-im-expovina-2015\/","name":"Mondial du Chasselas im Expovina 2015","isPartOf":{"@id":"https:\/\/www.mondialduchasselas.com\/#website"},"datePublished":"2015-10-28T08:56:37+00:00","dateModified":"2015-10-30T10:09:33+00:00","author":{"@id":"https:\/\/www.mondialduchasselas.com\/#\/schema\/person\/b80a37407e3de75de5c701e7e0c8e3f3"},"description":"Mondial du Chasselas organisiert im Expovina zwei freien Degustationen mit pr\u00e4mierten Produzenten 2015","breadcrumb":{"@id":"https:\/\/www.mondialduchasselas.com\/de\/mondial-du-chasselas-im-expovina-2015\/#breadcrumb"},"inLanguage":"de","potentialAction":[{"@type":"ReadAction","target":["https:\/\/www.mondialduchasselas.com\/de\/mondial-du-chasselas-im-expovina-2015\/"]}]},{"@type":"BreadcrumbList","@id":"https:\/\/www.mondialduchasselas.com\/de\/mondial-du-chasselas-im-expovina-2015\/#breadcrumb","itemListElement":[{"@type":"ListItem","position":1,"name":"Accueil","item":"https:\/\/www.mondialduchasselas.com\/"},{"@type":"ListItem","position":2,"name":"Mondial du Chasselas an der Expovina 2015"}]},{"@type":"WebSite","@id":"https:\/\/www.mondialduchasselas.com\/#website","url":"https:\/\/www.mondialduchasselas.com\/","name":"Mondial du Chasselas","description":"Le Chasselas, un c\u00e9page plus actuel que jamais","potentialAction":[{"@type":"SearchAction","target":{"@type":"EntryPoint","urlTemplate":"https:\/\/www.mondialduchasselas.com\/?s={search_term_string}"},"query-input":"required name=search_term_string"}],"inLanguage":"de"},{"@type":"Person","@id":"https:\/\/www.mondialduchasselas.com\/#\/schema\/person\/b80a37407e3de75de5c701e7e0c8e3f3","name":"R\u00e9daction","image":{"@type":"ImageObject","inLanguage":"de","@id":"https:\/\/www.mondialduchasselas.com\/#\/schema\/person\/image\/","url":"https:\/\/secure.gravatar.com\/avatar\/6c92f4165a6da0d89e2be6116a88ebc5?s=96&d=mm&r=g","contentUrl":"https:\/\/secure.gravatar.com\/avatar\/6c92f4165a6da0d89e2be6116a88ebc5?s=96&d=mm&r=g","caption":"R\u00e9daction"},"url":"https:\/\/www.mondialduchasselas.com\/de\/author\/mondial-ch\/"}]}},"_links":{"self":[{"href":"https:\/\/www.mondialduchasselas.com\/de\/wp-json\/wp\/v2\/posts\/909"}],"collection":[{"href":"https:\/\/www.mondialduchasselas.com\/de\/wp-json\/wp\/v2\/posts"}],"about":[{"href":"https:\/\/www.mondialduchasselas.com\/de\/wp-json\/wp\/v2\/types\/post"}],"author":[{"embeddable":true,"href":"https:\/\/www.mondialduchasselas.com\/de\/wp-json\/wp\/v2\/users\/1"}],"replies":[{"embeddable":true,"href":"https:\/\/www.mondialduchasselas.com\/de\/wp-json\/wp\/v2\/comments?post=909"}],"version-history":[{"count":2,"href":"https:\/\/www.mondialduchasselas.com\/de\/wp-json\/wp\/v2\/posts\/909\/revisions"}],"predecessor-version":[{"id":913,"href":"https:\/\/www.mondialduchasselas.com\/de\/wp-json\/wp\/v2\/posts\/909\/revisions\/913"}],"wp:featuredmedia":[{"embeddable":true,"href":"https:\/\/www.mondialduchasselas.com\/de\/wp-json\/wp\/v2\/media\/911"}],"wp:attachment":[{"href":"https:\/\/www.mondialduchasselas.com\/de\/wp-json\/wp\/v2\/media?parent=909"}],"wp:term":[{"taxonomy":"category","embeddable":true,"href":"https:\/\/www.mondialduchasselas.com\/de\/wp-json\/wp\/v2\/categories?post=909"},{"taxonomy":"post_tag","embeddable":true,"href":"https:\/\/www.mondialduchasselas.com\/de\/wp-json\/wp\/v2\/tags?post=909"}],"curies":[{"name":"wp","href":"https:\/\/api.w.org\/{rel}","templated":true}]}}